{"id":180,"date":"2020-11-06T11:54:26","date_gmt":"2020-11-06T10:54:26","guid":{"rendered":"https:\/\/www.le-monde-du-stickers.fr\/blog\/?p=180"},"modified":"2023-06-13T11:49:14","modified_gmt":"2023-06-13T09:49:14","slug":"idees-deco-chambre-ado-fille","status":"publish","type":"post","link":"https:\/\/www.le-monde-du-stickers.fr\/blog\/idees-deco-chambre-ado-fille\/","title":{"rendered":"Id\u00e9es d\u00e9co : cr\u00e9ez une chambre d&#8217;ado fille !"},"content":{"rendered":"\n<h1 class=\"wp-block-heading\">Id\u00e9es d\u00e9co : cr\u00e9ez une <strong>chambre d&#8217;ado fille<\/strong> !<\/h1>\n\n\n\n<p>L&#8217;adolescence, c&#8217;est l&#8217;\u00e2ge de l&#8217;\u00e9mancipation, et chez une fille \u00e7a commence encore plus t\u00f4t ! Alors vient le moment de revoir la <a href=\"https:\/\/www.le-monde-du-stickers.fr\/569-stickers-chambre-fille\" target=\"_blank\" rel=\"noreferrer noopener\">d\u00e9co de petite fille<\/a> et d&#8217;accompagner votre enfant sur le chemin de la libert\u00e9. Et pour ce faire, les id\u00e9es ne manquent pas. Faisons un petit tour d&#8217;horizon de ce que la cr\u00e9ativit\u00e9 peut vous apporter, \u00e0 vous, et surtout \u00e0 votre fille afin de lui concocter une <strong>belle chambre d&#8217;ado fille<\/strong>.<\/p>\n\n\n\n<h2 class=\"wp-block-heading\">1. D\u00e9co graphique en vert et rose<\/h2>\n\n\n\n<p>On garde une touche du rose de l&#8217;enfance, mais on laisse la place aux \u00e9tag\u00e8res industrielles et \u00e0 un lit m\u00e9tallique dont le noir graphite se d\u00e9tache des murs blancs. \u00c0 la fois modernes et bucoliques, les feuilles de monstera deliciosa sont en exergue et rappellent les couleurs de la parure de lit.<\/p>\n\n\n\n<figure class=\"wp-block-image size-large\"><img loading=\"lazy\" decoding=\"async\" width=\"565\" height=\"847\" src=\"https:\/\/www.le-monde-du-stickers.fr\/blog\/wp-content\/uploads\/2020\/11\/deco-chambre-fille.png\" alt=\"\" class=\"wp-image-186\" srcset=\"https:\/\/www.le-monde-du-stickers.fr\/blog\/wp-content\/uploads\/2020\/11\/deco-chambre-fille.png 565w, https:\/\/www.le-monde-du-stickers.fr\/blog\/wp-content\/uploads\/2020\/11\/deco-chambre-fille-200x300.png 200w\" sizes=\"auto, (max-width: 565px) 100vw, 565px\" \/><\/figure>\n\n\n\n<p><\/p>\n\n\n\n<h2 class=\"wp-block-heading\">2. Oser le noir et blanc<\/h2>\n\n\n\n<p>L&#8217;\u00e2ge des couleurs est r\u00e9volu, d\u00e9sormais le noir et blanc est de mise, et pour ne pas oublier que la petite enfance n&#8217;est pas si lointaine, quelques stickers de moutons faciles \u00e0 compter avant de s&#8217;endormir !<\/p>\n\n\n\n<figure class=\"wp-block-image size-large\"><img loading=\"lazy\" decoding=\"async\" width=\"847\" height=\"565\" src=\"https:\/\/www.le-monde-du-stickers.fr\/blog\/wp-content\/uploads\/2020\/11\/deco-chambre-ados-fille-noir-blanc-93782638_s.jpg\" alt=\"\" class=\"wp-image-189\" srcset=\"https:\/\/www.le-monde-du-stickers.fr\/blog\/wp-content\/uploads\/2020\/11\/deco-chambre-ados-fille-noir-blanc-93782638_s.jpg 847w, https:\/\/www.le-monde-du-stickers.fr\/blog\/wp-content\/uploads\/2020\/11\/deco-chambre-ados-fille-noir-blanc-93782638_s-300x200.jpg 300w, https:\/\/www.le-monde-du-stickers.fr\/blog\/wp-content\/uploads\/2020\/11\/deco-chambre-ados-fille-noir-blanc-93782638_s-768x512.jpg 768w\" sizes=\"auto, (max-width: 847px) 100vw, 847px\" \/><\/figure>\n\n\n\n<div class=\"wp-block-group is-layout-flow wp-block-group-is-layout-flow\"><div class=\"wp-block-group__inner-container\"><\/div><\/div>\n\n\n\n<p><\/p>\n\n\n\n<h2 class=\"wp-block-heading\">3. Oui, mais la couleur quand m\u00eame, c&#8217;\u00e9tait bien !<\/h2>\n\n\n\n<p>Lorsque le cadre est noir et blanc, les objets color\u00e9s prennent une autre dimension. Un tapis sobre et moderne se marie ais\u00e9ment avec un patchwork de stickers color\u00e9s. Ici on est bien \u00e0 la crois\u00e9e des chemins entre le monde de l&#8217;enfance et celui des adultes.<\/p>\n\n\n\n<figure class=\"wp-block-image size-large\"><img loading=\"lazy\" decoding=\"async\" width=\"847\" height=\"565\" src=\"https:\/\/www.le-monde-du-stickers.fr\/blog\/wp-content\/uploads\/2020\/11\/deco-chambre-ados-fille-couleurs-90384398_s.jpg\" alt=\"\" class=\"wp-image-191\" srcset=\"https:\/\/www.le-monde-du-stickers.fr\/blog\/wp-content\/uploads\/2020\/11\/deco-chambre-ados-fille-couleurs-90384398_s.jpg 847w, https:\/\/www.le-monde-du-stickers.fr\/blog\/wp-content\/uploads\/2020\/11\/deco-chambre-ados-fille-couleurs-90384398_s-300x200.jpg 300w, https:\/\/www.le-monde-du-stickers.fr\/blog\/wp-content\/uploads\/2020\/11\/deco-chambre-ados-fille-couleurs-90384398_s-768x512.jpg 768w\" sizes=\"auto, (max-width: 847px) 100vw, 847px\" \/><\/figure>\n\n\n\n<p><\/p>\n\n\n\n<h2 class=\"wp-block-heading\">4. Le bleu, c&#8217;est pour les filles ?<\/h2>\n\n\n\n<p>Fini les st\u00e9r\u00e9otypes ! Le skateboard et le bleu, votre fille y a droit aussi ! Ella a aussi droit aux fleurs et au dor\u00e9 pour un int\u00e9rieur \u00e9l\u00e9gant et lumineux. Et le bureau, face \u00e0 la fen\u00eatre, lui permettra de se projeter vers l&#8217;avenir, dans un fauteuil scandinave bien confortable.<\/p>\n\n\n\n<figure class=\"wp-block-image size-large\"><img loading=\"lazy\" decoding=\"async\" width=\"847\" height=\"565\" src=\"https:\/\/www.le-monde-du-stickers.fr\/blog\/wp-content\/uploads\/2020\/11\/deco-chambre-ados-fille-bleu-96074445_s.jpg\" alt=\"\" class=\"wp-image-193\" srcset=\"https:\/\/www.le-monde-du-stickers.fr\/blog\/wp-content\/uploads\/2020\/11\/deco-chambre-ados-fille-bleu-96074445_s.jpg 847w, https:\/\/www.le-monde-du-stickers.fr\/blog\/wp-content\/uploads\/2020\/11\/deco-chambre-ados-fille-bleu-96074445_s-300x200.jpg 300w, https:\/\/www.le-monde-du-stickers.fr\/blog\/wp-content\/uploads\/2020\/11\/deco-chambre-ados-fille-bleu-96074445_s-768x512.jpg 768w\" sizes=\"auto, (max-width: 847px) 100vw, 847px\" \/><figcaption>l<\/figcaption><\/figure>\n\n\n\n<p><\/p>\n\n\n\n<h2 class=\"wp-block-heading\">5. Parquet massif et blanc lumineux<\/h2>\n\n\n\n<p>Une atmosph\u00e8re chaleureuse et propice \u00e0 l&#8217;\u00e9tude, ici tout est calme ! Les rangements ne laissent rien appara\u00eetre et permettent \u00e0 l&#8217;esprit de se concentrer. Parce qu&#8217;\u00e0 l&#8217;\u00e9cole, l&#8217;adolescence c&#8217;est aussi le d\u00e9but des choses s\u00e9rieuses et de l&#8217;\u00e9mancipation !<\/p>\n\n\n\n<figure class=\"wp-block-image size-large\"><img loading=\"lazy\" decoding=\"async\" width=\"880\" height=\"544\" src=\"https:\/\/www.le-monde-du-stickers.fr\/blog\/wp-content\/uploads\/2020\/11\/deco-chambre-ados-fille-blanc-116636201_s.jpg\" alt=\"\" class=\"wp-image-195\" srcset=\"https:\/\/www.le-monde-du-stickers.fr\/blog\/wp-content\/uploads\/2020\/11\/deco-chambre-ados-fille-blanc-116636201_s.jpg 880w, https:\/\/www.le-monde-du-stickers.fr\/blog\/wp-content\/uploads\/2020\/11\/deco-chambre-ados-fille-blanc-116636201_s-300x185.jpg 300w, https:\/\/www.le-monde-du-stickers.fr\/blog\/wp-content\/uploads\/2020\/11\/deco-chambre-ados-fille-blanc-116636201_s-768x475.jpg 768w\" sizes=\"auto, (max-width: 880px) 100vw, 880px\" \/><\/figure>\n\n\n\n<p><\/p>\n\n\n\n<h2 class=\"wp-block-heading\">6. Le rose et le bleu, \u00e7a n&#8217;est pas fini !<\/h2>\n\n\n\n<p>Installez quelques nuages bleus pour continuer \u00e0 r\u00eaver et \u00e0 s&#8217;\u00e9chapper, m\u00eame \u00e0 son bureau et surtout un tapis rose moelleux. Si la chaise est moderne, rigide bien que rose, les accessoires restent l\u00e9gers et la parure de lit girly mais presque adulte. Un d\u00e9licieux m\u00e9lange qui aide \u00e0 transiter \u00e0 travers les \u00e2ges.<\/p>\n\n\n\n<figure class=\"wp-block-image size-large\"><img loading=\"lazy\" decoding=\"async\" width=\"847\" height=\"565\" src=\"https:\/\/www.le-monde-du-stickers.fr\/blog\/wp-content\/uploads\/2020\/11\/idee-deco-chambre-ados-fille-rose-bleu-44582409_s.jpg\" alt=\"\" class=\"wp-image-197\" srcset=\"https:\/\/www.le-monde-du-stickers.fr\/blog\/wp-content\/uploads\/2020\/11\/idee-deco-chambre-ados-fille-rose-bleu-44582409_s.jpg 847w, https:\/\/www.le-monde-du-stickers.fr\/blog\/wp-content\/uploads\/2020\/11\/idee-deco-chambre-ados-fille-rose-bleu-44582409_s-300x200.jpg 300w, https:\/\/www.le-monde-du-stickers.fr\/blog\/wp-content\/uploads\/2020\/11\/idee-deco-chambre-ados-fille-rose-bleu-44582409_s-768x512.jpg 768w\" sizes=\"auto, (max-width: 847px) 100vw, 847px\" \/><\/figure>\n\n\n\n<p><\/p>\n\n\n\n<h2 class=\"wp-block-heading\">7. Une artiste ?<\/h2>\n\n\n\n<p>Ambiance salle de dance et atelier d&#8217;artiste : ici tout est d\u00e9pouill\u00e9 et le grand miroir pos\u00e9 \u00e0 m\u00eame le sol d\u00e9multiplie l&#8217;espace. Quelques images encadr\u00e9es contemporaines alli\u00e9es \u00e0 un parquet peint en blanc finissent d&#8217;ajouter une touche moderne.<\/p>\n\n\n\n<p>Photo #108396335<\/p>\n\n\n\n<h2 class=\"wp-block-heading\">8. Pourpre et pourquoi pas ?<\/h2>\n\n\n\n<p>Le m\u00e9lange du blanc et du pourpre installe dans une ambiance cosy pour une luminosit\u00e9 maximale. Les stickers rappellent les ballons de baudruche remplis d&#8217;h\u00e9lium qui s&#8217;envolent au gr\u00e9 du vent.<\/p>\n\n\n\n<p>Photo #51074001<\/p>\n\n\n\n<h2 class=\"wp-block-heading\">9. Contemporain, sportif et une touche de jaune.<\/h2>\n\n\n\n<p>Ici l&#8217;ambiance moderne et sportive est proche de la jeune adulte. Sobre, d\u00e9pouill\u00e9e, la chambre dans des tons de noir et gris est habilement parsem\u00e9e d&#8217;un jaune lumineux. Il y a peu de meubles, mais une lampe et quelques plantes. L&#8217;esth\u00e9tique rappelle plus la pi\u00e8ce \u00e0 vivre que la chambre \u00e0 coucher. La chambre de votre ado est son espace personnel, presque son studio !<\/p>\n\n\n\n<p>Photo #71340250<\/p>\n\n\n\n<h2 class=\"wp-block-heading\">10. Une cabane la maison<\/h2>\n\n\n\n<p>Les jeunes sont souvent \u00e9colos, proches de la nature, \u00e9pris d&#8217;aventure. Alors installez quelques drap\u00e9s hippies, une table de chevet dans un tronc d&#8217;arbre et beaucoup de coussins. Le miroir et la commode vintage continuent de rappeler que la future femme moderne n&#8217;oubliera pas l&#8217;h\u00e9ritage des ann\u00e9es soixante-dix !<\/p>\n\n\n\n<p>Photo #111300787<\/p>\n\n\n\n<h2 class=\"wp-block-heading\">11. Recyclons les palettes !<\/h2>\n\n\n\n<p>On les voit partout : dans les magasins de d\u00e9co, en terrasse des restaurants, chez nos amis, alors pourquoi pas dans la chambre de votre fille ? Alors recyclons-les ou inspirons-nous-en comme ici : une t\u00eate de lit originale et tendance et quelques bacs \u00e0 rangement pratiques et \u00e9colos. Et continuons \u00e0 d\u00e9tourner les objets du quotidien avec cette \u00e9chelle pr\u00eate \u00e0 accueillir les v\u00eatements. C&#8217;est rebelle et respectueux !<\/p>\n\n\n\n<p>Photo #111300843<\/p>\n\n\n\n<h2 class=\"wp-block-heading\">12. Le rose, c&#8217;est enfantin !<\/h2>\n\n\n\n<p>Pourquoi renoncer aux r\u00eaves d&#8217;enfant ? Quelques touches de fuchsia dans un d\u00e9cor jaune p\u00e2le et le tour est jou\u00e9. Ajoutez un tapis moelleux et rassurant, un fauteuil de bureau assorti sans oublier la sobri\u00e9t\u00e9 du mobilier. En effet, le lit, le bureau et la commode sont modernes, simples et accueillent avec simplicit\u00e9 quelques touches discr\u00e8tes de rose. Pourquoi s&#8217;en passer ?<\/p>\n\n\n\n<p>Photo #34661664<\/p>\n\n\n\n<h2 class=\"wp-block-heading\">13. La couleur, c&#8217;est la vie !<\/h2>\n\n\n\n<p>Des tons blancs, bois et gris pour accueillir les couleurs des agrumes : du jaune et de l&#8217;orange parce que l&#8217;ado est solaire. N&#8217;oubliez pas les stickers en forme d&#8217;\u00e9toile et de lune toujours dans les tons de jaune. Le mobilier en bois clair et les cubes de rangements finissent d&#8217;ajouter \u00e0 cet espace lumineux la touche de chaleur qui en fera le cocon id\u00e9al pour votre fille.<\/p>\n\n\n\n<p>Photo #47721352<\/p>\n\n\n\n<h2 class=\"wp-block-heading\">14. Comme \u00e0 l&#8217;h\u00f4tel<\/h2>\n\n\n\n<p>Simple et efficace, l&#8217;atmosph\u00e8re de cette chambre invite au repos et \u00e0 l&#8217;\u00e9tude. Les couleurs sont sobres et le syst\u00e8me de rangement mural extr\u00eamement pratique.<\/p>\n\n\n\n<p>Photo #46424982<\/p>\n\n\n\n<h2 class=\"wp-block-heading\">15. Une chambre pour globe trotteuse !<\/h2>\n\n\n\n<p>Autre caract\u00e8re, autre ambiance. Ici, plus de place pour la libert\u00e9 : beaucoup de coussins, des caisses empil\u00e9es et un planisph\u00e8re au-dessus du bureau. Et comme disait Einstein, &#8220;Si la vue d&#8217;un bureau encombr\u00e9 \u00e9voque un esprit encombr\u00e9 alors que penser de celle d&#8217;un bureau vide ?&#8221; Alors n&#8217;h\u00e9sitez plus et offrez-lui l&#8217;opulence !<\/p>\n\n\n\n<p>Photo #42093837<\/p>\n\n\n\n<p>Ces <strong>images de chambre d&#8217;ado fille <\/strong>sont un support pour votre propre cr\u00e9ativit\u00e9. N&#8217;oubliez pas de casser les codes et surtout de l&#8217;accompagner dans cette m\u00e9tamorphose. C&#8217;est son univers qu&#8217;elle est en train de construire, et si l&#8217;adolescence est l&#8217;\u00e2ge de l&#8217;\u00e9mancipation, elle est aussi l&#8217;occasion de cr\u00e9er de nouveaux liens avec votre fille et de renforcer ceux qui existent d\u00e9j\u00e0. Apr\u00e8s tout, elle est encore chez vous pour quelques ann\u00e9es, alors faites en sorte qu&#8217;elle se sente bien dans sa <strong>belle chambre d&#8217;ado fille <\/strong>!<\/p>\n","protected":false},"excerpt":{"rendered":"<p>Id\u00e9es d\u00e9co : cr\u00e9ez une chambre d&#8217;ado fille ! L&#8217;adolescence, c&#8217;est l&#8217;\u00e2ge de l&#8217;\u00e9mancipation, et chez une fille \u00e7a commence encore plus t\u00f4t ! Alors vient le moment de revoir la d\u00e9co de petite fille et d&#8217;accompagner votre enfant sur le chemin de la libert\u00e9. Et pour ce faire, les id\u00e9es ne manquent pas. Faisons [&hellip;]<\/p>\n","protected":false},"author":1,"featured_media":0,"comment_status":"open","ping_status":"open","sticky":false,"template":"","format":"standard","meta":{"_et_pb_use_builder":"off","_et_pb_old_content":"","_et_gb_content_width":"","footnotes":""},"categories":[4],"tags":[],"class_list":["post-180","post","type-post","status-publish","format-standard","hentry","category-decoration","et-doesnt-have-format-content","et_post_format-et-post-format-standard"],"yoast_head":"<!-- This site is optimized with the Yoast SEO plugin v24.2 - https:\/\/yoast.com\/wordpress\/plugins\/seo\/ -->\n<title>Id\u00e9es d\u00e9co : cr\u00e9ez une chambre d&#039;ado fille ! - Blog : Le monde du stickers<\/title>\n<meta name=\"robots\" content=\"index, follow, max-snippet:-1, max-image-preview:large, max-video-preview:-1\" \/>\n<link rel=\"canonical\" href=\"https:\/\/www.le-monde-du-stickers.fr\/blog\/idees-deco-chambre-ado-fille\/\" \/>\n<meta property=\"og:locale\" content=\"fr_FR\" \/>\n<meta property=\"og:type\" content=\"article\" \/>\n<meta property=\"og:title\" content=\"Id\u00e9es d\u00e9co : cr\u00e9ez une chambre d&#039;ado fille ! - Blog : Le monde du stickers\" \/>\n<meta property=\"og:description\" content=\"Id\u00e9es d\u00e9co : cr\u00e9ez une chambre d&#8217;ado fille ! L&#8217;adolescence, c&#8217;est l&#8217;\u00e2ge de l&#8217;\u00e9mancipation, et chez une fille \u00e7a commence encore plus t\u00f4t ! Alors vient le moment de revoir la d\u00e9co de petite fille et d&#8217;accompagner votre enfant sur le chemin de la libert\u00e9. Et pour ce faire, les id\u00e9es ne manquent pas. Faisons [&hellip;]\" \/>\n<meta property=\"og:url\" content=\"https:\/\/www.le-monde-du-stickers.fr\/blog\/idees-deco-chambre-ado-fille\/\" \/>\n<meta property=\"og:site_name\" content=\"Blog : Le monde du stickers\" \/>\n<meta property=\"article:published_time\" content=\"2020-11-06T10:54:26+00:00\" \/>\n<meta property=\"article:modified_time\" content=\"2023-06-13T09:49:14+00:00\" \/>\n<meta property=\"og:image\" content=\"https:\/\/www.le-monde-du-stickers.fr\/blog\/wp-content\/uploads\/2020\/11\/deco-chambre-fille.png\" \/>\n<meta name=\"author\" content=\"alexandre\" \/>\n<meta name=\"twitter:card\" content=\"summary_large_image\" \/>\n<meta name=\"twitter:label1\" content=\"\u00c9crit par\" \/>\n\t<meta name=\"twitter:data1\" content=\"alexandre\" \/>\n\t<meta name=\"twitter:label2\" content=\"Dur\u00e9e de lecture estim\u00e9e\" \/>\n\t<meta name=\"twitter:data2\" content=\"5 minutes\" \/>\n<script type=\"application\/ld+json\" class=\"yoast-schema-graph\">{\"@context\":\"https:\/\/schema.org\",\"@graph\":[{\"@type\":\"WebPage\",\"@id\":\"https:\/\/www.le-monde-du-stickers.fr\/blog\/idees-deco-chambre-ado-fille\/\",\"url\":\"https:\/\/www.le-monde-du-stickers.fr\/blog\/idees-deco-chambre-ado-fille\/\",\"name\":\"Id\u00e9es d\u00e9co : cr\u00e9ez une chambre d'ado fille ! - Blog : Le monde du stickers\",\"isPartOf\":{\"@id\":\"https:\/\/www.le-monde-du-stickers.fr\/blog\/#website\"},\"primaryImageOfPage\":{\"@id\":\"https:\/\/www.le-monde-du-stickers.fr\/blog\/idees-deco-chambre-ado-fille\/#primaryimage\"},\"image\":{\"@id\":\"https:\/\/www.le-monde-du-stickers.fr\/blog\/idees-deco-chambre-ado-fille\/#primaryimage\"},\"thumbnailUrl\":\"https:\/\/www.le-monde-du-stickers.fr\/blog\/wp-content\/uploads\/2020\/11\/deco-chambre-fille.png\",\"datePublished\":\"2020-11-06T10:54:26+00:00\",\"dateModified\":\"2023-06-13T09:49:14+00:00\",\"author\":{\"@id\":\"https:\/\/www.le-monde-du-stickers.fr\/blog\/#\/schema\/person\/c1ee5786e46a85447c3f6834f1f01037\"},\"breadcrumb\":{\"@id\":\"https:\/\/www.le-monde-du-stickers.fr\/blog\/idees-deco-chambre-ado-fille\/#breadcrumb\"},\"inLanguage\":\"fr-FR\",\"potentialAction\":[{\"@type\":\"ReadAction\",\"target\":[\"https:\/\/www.le-monde-du-stickers.fr\/blog\/idees-deco-chambre-ado-fille\/\"]}]},{\"@type\":\"ImageObject\",\"inLanguage\":\"fr-FR\",\"@id\":\"https:\/\/www.le-monde-du-stickers.fr\/blog\/idees-deco-chambre-ado-fille\/#primaryimage\",\"url\":\"https:\/\/www.le-monde-du-stickers.fr\/blog\/wp-content\/uploads\/2020\/11\/deco-chambre-fille.png\",\"contentUrl\":\"https:\/\/www.le-monde-du-stickers.fr\/blog\/wp-content\/uploads\/2020\/11\/deco-chambre-fille.png\",\"width\":565,\"height\":847},{\"@type\":\"BreadcrumbList\",\"@id\":\"https:\/\/www.le-monde-du-stickers.fr\/blog\/idees-deco-chambre-ado-fille\/#breadcrumb\",\"itemListElement\":[{\"@type\":\"ListItem\",\"position\":1,\"name\":\"Accueil\",\"item\":\"https:\/\/www.le-monde-du-stickers.fr\/blog\/\"},{\"@type\":\"ListItem\",\"position\":2,\"name\":\"Id\u00e9es d\u00e9co : cr\u00e9ez une chambre d&#8217;ado fille !\"}]},{\"@type\":\"WebSite\",\"@id\":\"https:\/\/www.le-monde-du-stickers.fr\/blog\/#website\",\"url\":\"https:\/\/www.le-monde-du-stickers.fr\/blog\/\",\"name\":\"Blog : Le monde du stickers\",\"description\":\"\",\"potentialAction\":[{\"@type\":\"SearchAction\",\"target\":{\"@type\":\"EntryPoint\",\"urlTemplate\":\"https:\/\/www.le-monde-du-stickers.fr\/blog\/?s={search_term_string}\"},\"query-input\":{\"@type\":\"PropertyValueSpecification\",\"valueRequired\":true,\"valueName\":\"search_term_string\"}}],\"inLanguage\":\"fr-FR\"},{\"@type\":\"Person\",\"@id\":\"https:\/\/www.le-monde-du-stickers.fr\/blog\/#\/schema\/person\/c1ee5786e46a85447c3f6834f1f01037\",\"name\":\"alexandre\",\"image\":{\"@type\":\"ImageObject\",\"inLanguage\":\"fr-FR\",\"@id\":\"https:\/\/www.le-monde-du-stickers.fr\/blog\/#\/schema\/person\/image\/\",\"url\":\"https:\/\/secure.gravatar.com\/avatar\/c444640ccae2d3fbcb34754f759dc32f?s=96&d=mm&r=g\",\"contentUrl\":\"https:\/\/secure.gravatar.com\/avatar\/c444640ccae2d3fbcb34754f759dc32f?s=96&d=mm&r=g\",\"caption\":\"alexandre\"},\"url\":\"https:\/\/www.le-monde-du-stickers.fr\/blog\"}]}<\/script>\n<!-- \/ Yoast SEO plugin. -->","yoast_head_json":{"title":"Id\u00e9es d\u00e9co : cr\u00e9ez une chambre d'ado fille ! - Blog : Le monde du stickers","robots":{"index":"index","follow":"follow","max-snippet":"max-snippet:-1","max-image-preview":"max-image-preview:large","max-video-preview":"max-video-preview:-1"},"canonical":"https:\/\/www.le-monde-du-stickers.fr\/blog\/idees-deco-chambre-ado-fille\/","og_locale":"fr_FR","og_type":"article","og_title":"Id\u00e9es d\u00e9co : cr\u00e9ez une chambre d'ado fille ! - Blog : Le monde du stickers","og_description":"Id\u00e9es d\u00e9co : cr\u00e9ez une chambre d&#8217;ado fille ! L&#8217;adolescence, c&#8217;est l&#8217;\u00e2ge de l&#8217;\u00e9mancipation, et chez une fille \u00e7a commence encore plus t\u00f4t ! Alors vient le moment de revoir la d\u00e9co de petite fille et d&#8217;accompagner votre enfant sur le chemin de la libert\u00e9. Et pour ce faire, les id\u00e9es ne manquent pas. Faisons [&hellip;]","og_url":"https:\/\/www.le-monde-du-stickers.fr\/blog\/idees-deco-chambre-ado-fille\/","og_site_name":"Blog : Le monde du stickers","article_published_time":"2020-11-06T10:54:26+00:00","article_modified_time":"2023-06-13T09:49:14+00:00","og_image":[{"url":"https:\/\/www.le-monde-du-stickers.fr\/blog\/wp-content\/uploads\/2020\/11\/deco-chambre-fille.png","type":"","width":"","height":""}],"author":"alexandre","twitter_card":"summary_large_image","twitter_misc":{"\u00c9crit par":"alexandre","Dur\u00e9e de lecture estim\u00e9e":"5 minutes"},"schema":{"@context":"https:\/\/schema.org","@graph":[{"@type":"WebPage","@id":"https:\/\/www.le-monde-du-stickers.fr\/blog\/idees-deco-chambre-ado-fille\/","url":"https:\/\/www.le-monde-du-stickers.fr\/blog\/idees-deco-chambre-ado-fille\/","name":"Id\u00e9es d\u00e9co : cr\u00e9ez une chambre d'ado fille ! - Blog : Le monde du stickers","isPartOf":{"@id":"https:\/\/www.le-monde-du-stickers.fr\/blog\/#website"},"primaryImageOfPage":{"@id":"https:\/\/www.le-monde-du-stickers.fr\/blog\/idees-deco-chambre-ado-fille\/#primaryimage"},"image":{"@id":"https:\/\/www.le-monde-du-stickers.fr\/blog\/idees-deco-chambre-ado-fille\/#primaryimage"},"thumbnailUrl":"https:\/\/www.le-monde-du-stickers.fr\/blog\/wp-content\/uploads\/2020\/11\/deco-chambre-fille.png","datePublished":"2020-11-06T10:54:26+00:00","dateModified":"2023-06-13T09:49:14+00:00","author":{"@id":"https:\/\/www.le-monde-du-stickers.fr\/blog\/#\/schema\/person\/c1ee5786e46a85447c3f6834f1f01037"},"breadcrumb":{"@id":"https:\/\/www.le-monde-du-stickers.fr\/blog\/idees-deco-chambre-ado-fille\/#breadcrumb"},"inLanguage":"fr-FR","potentialAction":[{"@type":"ReadAction","target":["https:\/\/www.le-monde-du-stickers.fr\/blog\/idees-deco-chambre-ado-fille\/"]}]},{"@type":"ImageObject","inLanguage":"fr-FR","@id":"https:\/\/www.le-monde-du-stickers.fr\/blog\/idees-deco-chambre-ado-fille\/#primaryimage","url":"https:\/\/www.le-monde-du-stickers.fr\/blog\/wp-content\/uploads\/2020\/11\/deco-chambre-fille.png","contentUrl":"https:\/\/www.le-monde-du-stickers.fr\/blog\/wp-content\/uploads\/2020\/11\/deco-chambre-fille.png","width":565,"height":847},{"@type":"BreadcrumbList","@id":"https:\/\/www.le-monde-du-stickers.fr\/blog\/idees-deco-chambre-ado-fille\/#breadcrumb","itemListElement":[{"@type":"ListItem","position":1,"name":"Accueil","item":"https:\/\/www.le-monde-du-stickers.fr\/blog\/"},{"@type":"ListItem","position":2,"name":"Id\u00e9es d\u00e9co : cr\u00e9ez une chambre d&#8217;ado fille !"}]},{"@type":"WebSite","@id":"https:\/\/www.le-monde-du-stickers.fr\/blog\/#website","url":"https:\/\/www.le-monde-du-stickers.fr\/blog\/","name":"Blog : Le monde du stickers","description":"","potentialAction":[{"@type":"SearchAction","target":{"@type":"EntryPoint","urlTemplate":"https:\/\/www.le-monde-du-stickers.fr\/blog\/?s={search_term_string}"},"query-input":{"@type":"PropertyValueSpecification","valueRequired":true,"valueName":"search_term_string"}}],"inLanguage":"fr-FR"},{"@type":"Person","@id":"https:\/\/www.le-monde-du-stickers.fr\/blog\/#\/schema\/person\/c1ee5786e46a85447c3f6834f1f01037","name":"alexandre","image":{"@type":"ImageObject","inLanguage":"fr-FR","@id":"https:\/\/www.le-monde-du-stickers.fr\/blog\/#\/schema\/person\/image\/","url":"https:\/\/secure.gravatar.com\/avatar\/c444640ccae2d3fbcb34754f759dc32f?s=96&d=mm&r=g","contentUrl":"https:\/\/secure.gravatar.com\/avatar\/c444640ccae2d3fbcb34754f759dc32f?s=96&d=mm&r=g","caption":"alexandre"},"url":"https:\/\/www.le-monde-du-stickers.fr\/blog"}]}},"_links":{"self":[{"href":"https:\/\/www.le-monde-du-stickers.fr\/blog\/wp-json\/wp\/v2\/posts\/180","targetHints":{"allow":["GET"]}}],"collection":[{"href":"https:\/\/www.le-monde-du-stickers.fr\/blog\/wp-json\/wp\/v2\/posts"}],"about":[{"href":"https:\/\/www.le-monde-du-stickers.fr\/blog\/wp-json\/wp\/v2\/types\/post"}],"author":[{"embeddable":true,"href":"https:\/\/www.le-monde-du-stickers.fr\/blog\/wp-json\/wp\/v2\/users\/1"}],"replies":[{"embeddable":true,"href":"https:\/\/www.le-monde-du-stickers.fr\/blog\/wp-json\/wp\/v2\/comments?post=180"}],"version-history":[{"count":10,"href":"https:\/\/www.le-monde-du-stickers.fr\/blog\/wp-json\/wp\/v2\/posts\/180\/revisions"}],"predecessor-version":[{"id":335,"href":"https:\/\/www.le-monde-du-stickers.fr\/blog\/wp-json\/wp\/v2\/posts\/180\/revisions\/335"}],"wp:attachment":[{"href":"https:\/\/www.le-monde-du-stickers.fr\/blog\/wp-json\/wp\/v2\/media?parent=180"}],"wp:term":[{"taxonomy":"category","embeddable":true,"href":"https:\/\/www.le-monde-du-stickers.fr\/blog\/wp-json\/wp\/v2\/categories?post=180"},{"taxonomy":"post_tag","embeddable":true,"href":"https:\/\/www.le-monde-du-stickers.fr\/blog\/wp-json\/wp\/v2\/tags?post=180"}],"curies":[{"name":"wp","href":"https:\/\/api.w.org\/{rel}","templated":true}]}}